{"id":10924,"date":"2016-09-06T18:26:54","date_gmt":"2016-09-06T18:26:54","guid":{"rendered":"http:\/\/www.tecnica.red\/web\/?p=10924"},"modified":"2016-09-06T18:26:54","modified_gmt":"2016-09-06T18:26:54","slug":"lente-de-aumento-de-frente-proskit-ma-016","status":"publish","type":"post","link":"https:\/\/www.tecnica.red\/web\/lente-de-aumento-de-frente-proskit-ma-016\/","title":{"rendered":"Lente de aumento (de frente) Pro&#8217;sKit MA-016"},"content":{"rendered":"<p><img loading=\"lazy\" class=\"alignnone size-medium wp-image-10923\" src=\"http:\/\/www.tecnica.red\/web\/wp-content\/uploads\/2016\/09\/Headband-Magnifier-Pro-sKit-MA-016-300x300.jpg\" alt=\"Headband-Magnifier-Pro-sKit-MA-016\" width=\"300\" height=\"300\" srcset=\"https:\/\/www.tecnica.red\/web\/wp-content\/uploads\/2016\/09\/Headband-Magnifier-Pro-sKit-MA-016-300x300.jpg 300w, https:\/\/www.tecnica.red\/web\/wp-content\/uploads\/2016\/09\/Headband-Magnifier-Pro-sKit-MA-016-150x150.jpg 150w, https:\/\/www.tecnica.red\/web\/wp-content\/uploads\/2016\/09\/Headband-Magnifier-Pro-sKit-MA-016-550x550.jpg 550w, https:\/\/www.tecnica.red\/web\/wp-content\/uploads\/2016\/09\/Headband-Magnifier-Pro-sKit-MA-016-700x700.jpg 700w, https:\/\/www.tecnica.red\/web\/wp-content\/uploads\/2016\/09\/Headband-Magnifier-Pro-sKit-MA-016.jpg 750w\" sizes=\"(max-width: 300px) 100vw, 300px\" \/><\/p>\n<h2>Lente de aumento (de frente) Pro&#8217;sKit MA-016 &#8211; descripci\u00f3n:<\/h2>\n<p><span class=\"font-size-11-000000-article\"><strong>Descripci\u00f3n:<\/strong><br \/>\n<strong>\u00b7\u00a0 <\/strong>Combinaci\u00f3n flexible de lentes para mayor aumento.<br \/>\n<strong>\u00b7\u00a0 <\/strong>Linterna desmontable.<br \/>\n<strong>\u00b7\u00a0 <\/strong>Ajustable grado de inclinaci\u00f3n de la linterna.<br \/>\n<strong>\u00b7\u00a0 <\/strong>Perno para ajuste a mano del grado de inclinaci\u00f3n de la linterna.<br \/>\n<strong>\u00b7\u00a0 <\/strong>El tama\u00f1o del cintur\u00f3n se ajusta f\u00e1cilmente.<\/p>\n<p><strong>Aplicaci\u00f3n:<\/strong><br \/>\n<strong>\u00b7\u00a0 <\/strong>Se usa en los lugares oscuros o mal iluminados.<br \/>\n<strong>\u00b7\u00a0 <\/strong>Montaje o reparaci\u00f3n de las piezas peque\u00f1as.<br \/>\n<strong>\u00b7\u00a0 <\/strong>Control de productos acabados.<br \/>\n<strong>\u00b7\u00a0 <\/strong>Tambi\u00e9n conviene perfectamente para los trabajos de tallado, obras de manos, costura, reparaciones.<\/p>\n<p><strong>Especificaciones:<\/strong><br \/>\n<strong>\u00b7\u00a0 <\/strong>Material de las lentes: Acrylic resin (Processed by crack-proof rigid coating).<br \/>\n<strong>\u00b7\u00a0 <\/strong>Tama\u00f1o de las lentes : #2, #3 &#8211; 89\u00d729 mm; #1: 28 mm.<br \/>\n<strong>\u00b7\u00a0 <\/strong>Aumento: 1.8X; 2.6X; 5.8X<br \/>\n<strong>\u00b7\u00a0 <\/strong>Usa dos pilas AAA (no inclu\u00eddas)<\/span><\/p>\n","protected":false},"excerpt":{"rendered":"<p>Lente de aumento (de frente) Pro&#8217;sKit MA-016 &#8211; descripci\u00f3n: Descripci\u00f3n: \u00b7\u00a0 Combinaci\u00f3n flexible de lentes para mayor aumento. \u00b7\u00a0 Linterna desmontable. \u00b7\u00a0 Ajustable grado de inclinaci\u00f3n de la linterna. \u00b7\u00a0 Perno para ajuste a mano del grado de inclinaci\u00f3n de la linterna. \u00b7\u00a0 El tama\u00f1o&#8230;<\/p>\n","protected":false},"author":3,"featured_media":10923,"comment_status":"open","ping_status":"open","sticky":false,"template":"","format":"standard","meta":[],"categories":[146],"tags":[],"_links":{"self":[{"href":"https:\/\/www.tecnica.red\/web\/wp-json\/wp\/v2\/posts\/10924"}],"collection":[{"href":"https:\/\/www.tecnica.red\/web\/wp-json\/wp\/v2\/posts"}],"about":[{"href":"https:\/\/www.tecnica.red\/web\/wp-json\/wp\/v2\/types\/post"}],"author":[{"embeddable":true,"href":"https:\/\/www.tecnica.red\/web\/wp-json\/wp\/v2\/users\/3"}],"replies":[{"embeddable":true,"href":"https:\/\/www.tecnica.red\/web\/wp-json\/wp\/v2\/comments?post=10924"}],"version-history":[{"count":1,"href":"https:\/\/www.tecnica.red\/web\/wp-json\/wp\/v2\/posts\/10924\/revisions"}],"predecessor-version":[{"id":10925,"href":"https:\/\/www.tecnica.red\/web\/wp-json\/wp\/v2\/posts\/10924\/revisions\/10925"}],"wp:featuredmedia":[{"embeddable":true,"href":"https:\/\/www.tecnica.red\/web\/wp-json\/wp\/v2\/media\/10923"}],"wp:attachment":[{"href":"https:\/\/www.tecnica.red\/web\/wp-json\/wp\/v2\/media?parent=10924"}],"wp:term":[{"taxonomy":"category","embeddable":true,"href":"https:\/\/www.tecnica.red\/web\/wp-json\/wp\/v2\/categories?post=10924"},{"taxonomy":"post_tag","embeddable":true,"href":"https:\/\/www.tecnica.red\/web\/wp-json\/wp\/v2\/tags?post=10924"}],"curies":[{"name":"wp","href":"https:\/\/api.w.org\/{rel}","templated":true}]}}